{"id":5777,"date":"2026-02-17T10:30:20","date_gmt":"2026-02-17T09:30:20","guid":{"rendered":"https:\/\/rapos.cz\/?p=5777"},"modified":"2026-02-17T10:45:36","modified_gmt":"2026-02-17T09:45:36","slug":"slavnostni-otevreni-pristavby-skoly-ve-valasskem-mezirici","status":"publish","type":"post","link":"https:\/\/rapos.cz\/de\/slavnostni-otevreni-pristavby-skoly-ve-valasskem-mezirici\/","title":{"rendered":"Slavnostn\u00ed otev\u0159en\u00ed p\u0159\u00edstavby \u0161koly ve Vala\u0161sk\u00e9m Mezi\u0159\u00ed\u010d\u00ed"},"content":{"rendered":"\t\t<div data-elementor-type=\"wp-post\" data-elementor-id=\"5777\" class=\"elementor elementor-5777\">\n\t\t\t\t\t\t<section class=\"elementor-section elementor-top-section elementor-element elementor-element-12edd209 elementor-section-boxed elementor-section-height-default elementor-section-height-default\" data-id=\"12edd209\" data-element_type=\"section\" data-e-type=\"section\">\n\t\t\t\t\t\t<div class=\"elementor-container elementor-column-gap-default\">\n\t\t\t\t\t<div class=\"elementor-column elementor-col-100 elementor-top-column elementor-element elementor-element-5696f0d8\" data-id=\"5696f0d8\" data-element_type=\"column\" data-e-type=\"column\">\n\t\t\t<div class=\"elementor-widget-wrap elementor-element-populated\">\n\t\t\t\t\t\t<div class=\"elementor-element elementor-element-529d606b elementor-widget elementor-widget-text-editor\" data-id=\"529d606b\" data-element_type=\"widget\" data-e-type=\"widget\" data-widget_type=\"text-editor.default\">\n\t\t\t\t<div class=\"elementor-widget-container\">\n\t\t\t\t\t\t\t\t\t<p>Ve \u010dtvrtek 5.2.2026 prob\u011bhlo slavnostn\u00ed otev\u0159en\u00ed nov\u00e9 t\u0159\u00edpodla\u017en\u00ed p\u0159\u00edstavby k budov\u011b St\u0159edn\u00ed um\u011bleckopr\u016fmyslov\u00e9 \u0161koly skl\u00e1\u0159sk\u00e9 ve Vala\u0161sk\u00e9m Mezi\u0159\u00ed\u010d\u00ed. V p\u0159\u00edstavb\u011b se nach\u00e1z\u00ed nov\u00e9 u\u010debny se z\u00e1zem\u00edm a \u0159editelna. V\u00edce informac\u00ed naleznete <a href=\"https:\/\/zlinskykraj.cz\/tiskove-zpravy\/stredni-umeleckoprumyslova-skola-sklarska-ve-valasskem-mezirici-ma-nove-prostory-kraj-do-nich-investoval-30-milionu\" target=\"_blank\" rel=\"noopener\">ZDE<\/a><\/p>\n<!-- \/wp:paragraph --><!-- wp:image {\"id\":838,\"align\":\"center\"} -->\n<ul class=\"wp-block-gallery columns-7 is-cropped\">\n<li class=\"blocks-gallery-item\">\n<figure><a href=\"https:\/\/rapos.cz\/wp-content\/uploads\/2026\/02\/W4A4104_web.jpg\"><img decoding=\"async\" class=\"alignnone wp-image-5779 size-medium\" src=\"https:\/\/rapos.cz\/wp-content\/uploads\/2026\/02\/W4A4104_web-300x149.jpg\" alt=\"\" width=\"300\" height=\"149\" data-id=\"877\" data-link=\"http:\/\/rapos.cz\/img_9891\/\" srcset=\"https:\/\/rapos.cz\/wp-content\/uploads\/2026\/02\/W4A4104_web-300x149.jpg 300w, https:\/\/rapos.cz\/wp-content\/uploads\/2026\/02\/W4A4104_web-768x381.jpg 768w, https:\/\/rapos.cz\/wp-content\/uploads\/2026\/02\/W4A4104_web.jpg 800w\" sizes=\"(max-width: 300px) 100vw, 300px\" \/><\/a><\/figure>\n<\/li>\n<li class=\"blocks-gallery-item\">\n<figure><a href=\"https:\/\/rapos.cz\/wp-content\/uploads\/2026\/02\/W4A4110_web.jpg\"><img fetchpriority=\"high\" decoding=\"async\" class=\"alignnone wp-image-5780 size-medium\" src=\"https:\/\/rapos.cz\/wp-content\/uploads\/2026\/02\/W4A4110_web-300x200.jpg\" alt=\"\" width=\"300\" height=\"200\" data-id=\"876\" data-link=\"http:\/\/rapos.cz\/img_9884\/\" srcset=\"https:\/\/rapos.cz\/wp-content\/uploads\/2026\/02\/W4A4110_web-300x200.jpg 300w, https:\/\/rapos.cz\/wp-content\/uploads\/2026\/02\/W4A4110_web-768x512.jpg 768w, https:\/\/rapos.cz\/wp-content\/uploads\/2026\/02\/W4A4110_web.jpg 800w\" sizes=\"(max-width: 300px) 100vw, 300px\" \/><\/a><\/figure>\n<\/li>\n<li class=\"blocks-gallery-item\">\n<figure><img decoding=\"async\" class=\"alignnone wp-image-5781 size-medium\" src=\"https:\/\/rapos.cz\/wp-content\/uploads\/2026\/02\/W4A4170_web-300x200.jpg\" alt=\"\" width=\"300\" height=\"200\" data-id=\"875\" data-link=\"http:\/\/rapos.cz\/img_9878\/\" srcset=\"https:\/\/rapos.cz\/wp-content\/uploads\/2026\/02\/W4A4170_web-300x200.jpg 300w, https:\/\/rapos.cz\/wp-content\/uploads\/2026\/02\/W4A4170_web-768x512.jpg 768w, https:\/\/rapos.cz\/wp-content\/uploads\/2026\/02\/W4A4170_web.jpg 800w\" sizes=\"(max-width: 300px) 100vw, 300px\" \/><\/figure>\n<\/li>\n<\/ul>\n<!-- \/wp:gallery -->\t\t\t\t\t\t\t\t<\/div>\n\t\t\t\t<\/div>\n\t\t\t\t\t<\/div>\n\t\t<\/div>\n\t\t\t\t\t<\/div>\n\t\t<\/section>\n\t\t\t\t<\/div>\n\t\t","protected":false},"excerpt":{"rendered":"<p>Ve \u010dtvrtek 5.2.2026 prob\u011bhlo slavnostn\u00ed otev\u0159en\u00ed nov\u00e9 t\u0159\u00edpodla\u017en\u00ed p\u0159\u00edstavby k budov\u011b St\u0159edn\u00ed um\u011bleckopr\u016fmyslov\u00e9 \u0161koly skl\u00e1\u0159sk\u00e9 ve Vala\u0161sk\u00e9m Mezi\u0159\u00ed\u010d\u00ed. V p\u0159\u00edstavb\u011b se nach\u00e1z\u00ed nov\u00e9 u\u010debny se z\u00e1zem\u00edm a \u0159editelna. V\u00edce informac\u00ed naleznete ZDE<\/p>\n","protected":false},"author":1,"featured_media":5779,"comment_status":"closed","ping_status":"closed","sticky":false,"template":"","format":"standard","meta":{"footnotes":""},"categories":[23],"tags":[],"class_list":["post-5777","post","type-post","status-publish","format-standard","has-post-thumbnail","hentry","category-aktuality"],"_links":{"self":[{"href":"https:\/\/rapos.cz\/de\/wp-json\/wp\/v2\/posts\/5777","targetHints":{"allow":["GET"]}}],"collection":[{"href":"https:\/\/rapos.cz\/de\/wp-json\/wp\/v2\/posts"}],"about":[{"href":"https:\/\/rapos.cz\/de\/wp-json\/wp\/v2\/types\/post"}],"author":[{"embeddable":true,"href":"https:\/\/rapos.cz\/de\/wp-json\/wp\/v2\/users\/1"}],"replies":[{"embeddable":true,"href":"https:\/\/rapos.cz\/de\/wp-json\/wp\/v2\/comments?post=5777"}],"version-history":[{"count":17,"href":"https:\/\/rapos.cz\/de\/wp-json\/wp\/v2\/posts\/5777\/revisions"}],"predecessor-version":[{"id":5800,"href":"https:\/\/rapos.cz\/de\/wp-json\/wp\/v2\/posts\/5777\/revisions\/5800"}],"wp:featuredmedia":[{"embeddable":true,"href":"https:\/\/rapos.cz\/de\/wp-json\/wp\/v2\/media\/5779"}],"wp:attachment":[{"href":"https:\/\/rapos.cz\/de\/wp-json\/wp\/v2\/media?parent=5777"}],"wp:term":[{"taxonomy":"category","embeddable":true,"href":"https:\/\/rapos.cz\/de\/wp-json\/wp\/v2\/categories?post=5777"},{"taxonomy":"post_tag","embeddable":true,"href":"https:\/\/rapos.cz\/de\/wp-json\/wp\/v2\/tags?post=5777"}],"curies":[{"name":"wp","href":"https:\/\/api.w.org\/{rel}","templated":true}]}}