{"id":5691,"date":"2025-11-12T13:23:35","date_gmt":"2025-11-12T12:23:35","guid":{"rendered":"https:\/\/rapos.cz\/?p=5691"},"modified":"2025-11-12T13:34:17","modified_gmt":"2025-11-12T12:34:17","slug":"slavnostni-otevreni-novostavby-hvezdarny-ve-valasskem-mezirici","status":"publish","type":"post","link":"https:\/\/rapos.cz\/de\/slavnostni-otevreni-novostavby-hvezdarny-ve-valasskem-mezirici\/","title":{"rendered":"Slavnostn\u00ed otev\u0159en\u00ed novostavby Hv\u011bzd\u00e1rny ve Vala\u0161sk\u00e9m Mezi\u0159\u00ed\u010d\u00ed"},"content":{"rendered":"\t\t<div data-elementor-type=\"wp-post\" data-elementor-id=\"5691\" class=\"elementor elementor-5691\">\n\t\t\t\t\t\t<section class=\"elementor-section elementor-top-section elementor-element elementor-element-12edd209 elementor-section-boxed elementor-section-height-default elementor-section-height-default\" data-id=\"12edd209\" data-element_type=\"section\" data-e-type=\"section\">\n\t\t\t\t\t\t<div class=\"elementor-container elementor-column-gap-default\">\n\t\t\t\t\t<div class=\"elementor-column elementor-col-100 elementor-top-column elementor-element elementor-element-5696f0d8\" data-id=\"5696f0d8\" data-element_type=\"column\" data-e-type=\"column\">\n\t\t\t<div class=\"elementor-widget-wrap elementor-element-populated\">\n\t\t\t\t\t\t<div class=\"elementor-element elementor-element-529d606b elementor-widget elementor-widget-text-editor\" data-id=\"529d606b\" data-element_type=\"widget\" data-e-type=\"widget\" data-widget_type=\"text-editor.default\">\n\t\t\t\t<div class=\"elementor-widget-container\">\n\t\t\t\t\t\t\t\t\t<p>Za\u010d\u00e1tkem listopadu prob\u011bhlo slavnostn\u00ed otev\u0159en\u00ed novostavby Kulturn\u00edho a kreativn\u00edho centra pro vzd\u011bl\u00e1v\u00e1n\u00ed a v\u00fdzkum Hv\u011bzd\u00e1rny Vala\u0161sk\u00e9 Mezi\u0159\u00ed\u010d\u00ed. Objekt byl postaven jako energeticky \u00fasporn\u00fd se soustavou zemn\u00edch vrt\u016f, s fotovoltaikou a syst\u00e9mem hospoda\u0159en\u00ed s de\u0161\u0165ovou vodou. Zpr\u00e1vu z otev\u0159en\u00ed si m\u016f\u017eete p\u0159e\u010d\u00edst <a href=\"https:\/\/zlinskykraj.cz\/tiskove-zpravy\/hvezdarna-valasske-mezirici-otevira-moderni-centrum-pro-vzdelavani-a-vyzkum-prvni-navstevniky-privita-v-sobotu\" target=\"_blank\" rel=\"noopener\">ZDE<\/a><\/p>\n\n<p class=\"wp-block-gallery-2 is-layout-flex wp-block-gallery-is-layout-flex\">\u00a0<\/p>\n<ul class=\"wp-block-gallery columns-7 is-cropped\">\n<li class=\"blocks-gallery-item\">\n<figure><a href=\"https:\/\/rapos.cz\/wp-content\/uploads\/2025\/11\/W4A7120_web.jpg\" target=\"_blank\" rel=\"noopener\"><img fetchpriority=\"high\" decoding=\"async\" class=\"alignnone wp-image-5685 size-medium\" src=\"https:\/\/rapos.cz\/wp-content\/uploads\/2025\/11\/W4A7120_web-300x200.jpg\" alt=\"\" width=\"300\" height=\"200\" data-id=\"877\" data-link=\"http:\/\/rapos.cz\/img_9891\/\" srcset=\"https:\/\/rapos.cz\/wp-content\/uploads\/2025\/11\/W4A7120_web-300x200.jpg 300w, https:\/\/rapos.cz\/wp-content\/uploads\/2025\/11\/W4A7120_web-768x512.jpg 768w, https:\/\/rapos.cz\/wp-content\/uploads\/2025\/11\/W4A7120_web.jpg 800w\" sizes=\"(max-width: 300px) 100vw, 300px\" \/><\/a><\/figure>\n<\/li>\n<li class=\"blocks-gallery-item\">\n<figure><a href=\"https:\/\/rapos.cz\/wp-content\/uploads\/2025\/11\/W4A7167_web.jpg\" target=\"_blank\" rel=\"noopener\"><img decoding=\"async\" class=\"alignnone wp-image-5687 size-medium\" src=\"https:\/\/rapos.cz\/wp-content\/uploads\/2025\/11\/W4A7167_web-300x200.jpg\" alt=\"\" width=\"300\" height=\"200\" data-id=\"876\" data-link=\"http:\/\/rapos.cz\/img_9884\/\" srcset=\"https:\/\/rapos.cz\/wp-content\/uploads\/2025\/11\/W4A7167_web-300x200.jpg 300w, https:\/\/rapos.cz\/wp-content\/uploads\/2025\/11\/W4A7167_web-768x512.jpg 768w, https:\/\/rapos.cz\/wp-content\/uploads\/2025\/11\/W4A7167_web.jpg 800w\" sizes=\"(max-width: 300px) 100vw, 300px\" \/><\/a><\/figure>\n<\/li>\n<\/ul>\t\t\t\t\t\t\t\t<\/div>\n\t\t\t\t<\/div>\n\t\t\t\t\t<\/div>\n\t\t<\/div>\n\t\t\t\t\t<\/div>\n\t\t<\/section>\n\t\t\t\t<\/div>\n\t\t","protected":false},"excerpt":{"rendered":"<p>Za\u010d\u00e1tkem listopadu prob\u011bhlo slavnostn\u00ed otev\u0159en\u00ed novostavby Kulturn\u00edho a kreativn\u00edho centra pro vzd\u011bl\u00e1v\u00e1n\u00ed a v\u00fdzkum Hv\u011bzd\u00e1rny Vala\u0161sk\u00e9 Mezi\u0159\u00ed\u010d\u00ed. Objekt byl postaven jako energeticky \u00fasporn\u00fd se soustavou zemn\u00edch vrt\u016f, s fotovoltaikou a syst\u00e9mem hospoda\u0159en\u00ed s de\u0161\u0165ovou vodou. Zpr\u00e1vu z otev\u0159en\u00ed si m\u016f\u017eete p\u0159e\u010d\u00edst ZDE<\/p>\n","protected":false},"author":1,"featured_media":5685,"comment_status":"closed","ping_status":"closed","sticky":false,"template":"","format":"standard","meta":{"footnotes":""},"categories":[23],"tags":[],"class_list":["post-5691","post","type-post","status-publish","format-standard","has-post-thumbnail","hentry","category-aktuality"],"_links":{"self":[{"href":"https:\/\/rapos.cz\/de\/wp-json\/wp\/v2\/posts\/5691","targetHints":{"allow":["GET"]}}],"collection":[{"href":"https:\/\/rapos.cz\/de\/wp-json\/wp\/v2\/posts"}],"about":[{"href":"https:\/\/rapos.cz\/de\/wp-json\/wp\/v2\/types\/post"}],"author":[{"embeddable":true,"href":"https:\/\/rapos.cz\/de\/wp-json\/wp\/v2\/users\/1"}],"replies":[{"embeddable":true,"href":"https:\/\/rapos.cz\/de\/wp-json\/wp\/v2\/comments?post=5691"}],"version-history":[{"count":17,"href":"https:\/\/rapos.cz\/de\/wp-json\/wp\/v2\/posts\/5691\/revisions"}],"predecessor-version":[{"id":5708,"href":"https:\/\/rapos.cz\/de\/wp-json\/wp\/v2\/posts\/5691\/revisions\/5708"}],"wp:featuredmedia":[{"embeddable":true,"href":"https:\/\/rapos.cz\/de\/wp-json\/wp\/v2\/media\/5685"}],"wp:attachment":[{"href":"https:\/\/rapos.cz\/de\/wp-json\/wp\/v2\/media?parent=5691"}],"wp:term":[{"taxonomy":"category","embeddable":true,"href":"https:\/\/rapos.cz\/de\/wp-json\/wp\/v2\/categories?post=5691"},{"taxonomy":"post_tag","embeddable":true,"href":"https:\/\/rapos.cz\/de\/wp-json\/wp\/v2\/tags?post=5691"}],"curies":[{"name":"wp","href":"https:\/\/api.w.org\/{rel}","templated":true}]}}