{"id":5450,"date":"2024-12-16T07:26:46","date_gmt":"2024-12-16T06:26:46","guid":{"rendered":"https:\/\/rapos.cz\/?p=5450"},"modified":"2025-11-12T14:04:46","modified_gmt":"2025-11-12T13:04:46","slug":"rekonstrukce-objektu-v-laznich-slatinice","status":"publish","type":"post","link":"https:\/\/rapos.cz\/de\/rekonstrukce-objektu-v-laznich-slatinice\/","title":{"rendered":"Rekonstrukce objektu v L\u00e1zn\u00edch Slatinice"},"content":{"rendered":"\t\t<div data-elementor-type=\"wp-post\" data-elementor-id=\"5450\" class=\"elementor elementor-5450\">\n\t\t\t\t\t\t<section class=\"elementor-section elementor-top-section elementor-element elementor-element-12edd209 elementor-section-boxed elementor-section-height-default elementor-section-height-default\" data-id=\"12edd209\" data-element_type=\"section\" data-e-type=\"section\">\n\t\t\t\t\t\t<div class=\"elementor-container elementor-column-gap-default\">\n\t\t\t\t\t<div class=\"elementor-column elementor-col-100 elementor-top-column elementor-element elementor-element-5696f0d8\" data-id=\"5696f0d8\" data-element_type=\"column\" data-e-type=\"column\">\n\t\t\t<div class=\"elementor-widget-wrap elementor-element-populated\">\n\t\t\t\t\t\t<div class=\"elementor-element elementor-element-46ada5e elementor-widget elementor-widget-text-editor\" data-id=\"46ada5e\" data-element_type=\"widget\" data-e-type=\"widget\" data-widget_type=\"text-editor.default\">\n\t\t\t\t<div class=\"elementor-widget-container\">\n\t\t\t\t\t\t\t\t\t<p>V l\u00e9t\u011b 2024 jsme zah\u00e1jili p\u0159\u00edpravn\u00e9 pr\u00e1ce na pam\u00e1tkov\u011b chr\u00e1n\u011bn\u00e9m objektu l\u00e1ze\u0148sk\u00e9ho domu Morava v L\u00e1zn\u00edch Slatinice. V prosinci byly tyto pr\u00e1ce dokon\u010deny a s nov\u00fdm rokem za\u010dne rekonstrukce hlavn\u00ed \u010d\u00e1sti objektu, kter\u00e1 bude zahrnovat rekonstrukci balneoprovozu, m\u00edstnost\u00ed pro fyzioterapii a ergoterapii, roz\u0161\u00ed\u0159\u00ed se prostory pro vodol\u00e9\u010dbu. Rekonstrukc\u00ed v\u010detn\u011b sanace krovu projde tak\u00e9 \u010d\u00e1st historick\u00e9 mansardov\u00e9 st\u0159echy. Dokon\u010den\u00ed prac\u00ed je pl\u00e1nov\u00e1no v druh\u00e9 polovin\u011b roku 2026.<\/p>\t\t\t\t\t\t\t\t<\/div>\n\t\t\t\t<\/div>\n\t\t\t\t<div class=\"elementor-element elementor-element-529d606b elementor-widget elementor-widget-text-editor\" data-id=\"529d606b\" data-element_type=\"widget\" data-e-type=\"widget\" data-widget_type=\"text-editor.default\">\n\t\t\t\t<div class=\"elementor-widget-container\">\n\t\t\t\t\t\t\t\t\t<!-- \/wp:paragraph --><!-- wp:image {\"id\":838,\"align\":\"center\"} -->\n<figure><\/figure>\n<p>\u00a0<\/p>\n<ul class=\"wp-block-gallery columns-7 is-cropped\">\n<li class=\"blocks-gallery-item\">\n<figure><a href=\"https:\/\/rapos.cz\/wp-content\/uploads\/2024\/12\/morava-dron-min-2_uprava-barvy.jpg\"><img fetchpriority=\"high\" decoding=\"async\" class=\"alignnone wp-image-5451 size-medium\" src=\"https:\/\/rapos.cz\/wp-content\/uploads\/2024\/12\/morava-dron-min-2_uprava-barvy-269x300.jpg\" alt=\"\" width=\"269\" height=\"300\" data-id=\"876\" data-link=\"http:\/\/rapos.cz\/img_9884\/\" srcset=\"https:\/\/rapos.cz\/wp-content\/uploads\/2024\/12\/morava-dron-min-2_uprava-barvy-269x300.jpg 269w, https:\/\/rapos.cz\/wp-content\/uploads\/2024\/12\/morava-dron-min-2_uprava-barvy-919x1024.jpg 919w, https:\/\/rapos.cz\/wp-content\/uploads\/2024\/12\/morava-dron-min-2_uprava-barvy-768x856.jpg 768w, https:\/\/rapos.cz\/wp-content\/uploads\/2024\/12\/morava-dron-min-2_uprava-barvy.jpg 1337w\" sizes=\"(max-width: 269px) 100vw, 269px\" \/><\/a><\/figure>\n<\/li>\n<\/ul>\t\t\t\t\t\t\t\t<\/div>\n\t\t\t\t<\/div>\n\t\t\t\t\t<\/div>\n\t\t<\/div>\n\t\t\t\t\t<\/div>\n\t\t<\/section>\n\t\t\t\t<\/div>\n\t\t","protected":false},"excerpt":{"rendered":"<p>V l\u00e9t\u011b 2024 jsme zah\u00e1jili p\u0159\u00edpravn\u00e9 pr\u00e1ce na pam\u00e1tkov\u011b chr\u00e1n\u011bn\u00e9m objektu l\u00e1ze\u0148sk\u00e9ho domu Morava v L\u00e1zn\u00edch Slatinice. V prosinci byly tyto pr\u00e1ce dokon\u010deny a s nov\u00fdm rokem za\u010dne rekonstrukce hlavn\u00ed \u010d\u00e1sti objektu, kter\u00e1 bude zahrnovat rekonstrukci balneoprovozu, m\u00edstnost\u00ed pro fyzioterapii a ergoterapii, roz\u0161\u00ed\u0159\u00ed se prostory pro vodol\u00e9\u010dbu. Rekonstrukc\u00ed v\u010detn\u011b sanace krovu projde tak\u00e9 \u010d\u00e1st historick\u00e9&#8230;<\/p>\n","protected":false},"author":1,"featured_media":5466,"comment_status":"closed","ping_status":"closed","sticky":false,"template":"","format":"standard","meta":{"footnotes":""},"categories":[1],"tags":[],"class_list":["post-5450","post","type-post","status-publish","format-standard","has-post-thumbnail","hentry","category-archiv-aktualit"],"_links":{"self":[{"href":"https:\/\/rapos.cz\/de\/wp-json\/wp\/v2\/posts\/5450","targetHints":{"allow":["GET"]}}],"collection":[{"href":"https:\/\/rapos.cz\/de\/wp-json\/wp\/v2\/posts"}],"about":[{"href":"https:\/\/rapos.cz\/de\/wp-json\/wp\/v2\/types\/post"}],"author":[{"embeddable":true,"href":"https:\/\/rapos.cz\/de\/wp-json\/wp\/v2\/users\/1"}],"replies":[{"embeddable":true,"href":"https:\/\/rapos.cz\/de\/wp-json\/wp\/v2\/comments?post=5450"}],"version-history":[{"count":19,"href":"https:\/\/rapos.cz\/de\/wp-json\/wp\/v2\/posts\/5450\/revisions"}],"predecessor-version":[{"id":5474,"href":"https:\/\/rapos.cz\/de\/wp-json\/wp\/v2\/posts\/5450\/revisions\/5474"}],"wp:featuredmedia":[{"embeddable":true,"href":"https:\/\/rapos.cz\/de\/wp-json\/wp\/v2\/media\/5466"}],"wp:attachment":[{"href":"https:\/\/rapos.cz\/de\/wp-json\/wp\/v2\/media?parent=5450"}],"wp:term":[{"taxonomy":"category","embeddable":true,"href":"https:\/\/rapos.cz\/de\/wp-json\/wp\/v2\/categories?post=5450"},{"taxonomy":"post_tag","embeddable":true,"href":"https:\/\/rapos.cz\/de\/wp-json\/wp\/v2\/tags?post=5450"}],"curies":[{"name":"wp","href":"https:\/\/api.w.org\/{rel}","templated":true}]}}