{"id":4903,"date":"2024-02-20T10:26:15","date_gmt":"2024-02-20T09:26:15","guid":{"rendered":"https:\/\/rapos.cz\/?p=4903"},"modified":"2025-01-16T09:16:45","modified_gmt":"2025-01-16T08:16:45","slug":"dokoncena-rekonstrukce-kaple-sv-jana-sarkandra-na-sv-hostyne","status":"publish","type":"post","link":"https:\/\/rapos.cz\/de\/dokoncena-rekonstrukce-kaple-sv-jana-sarkandra-na-sv-hostyne\/","title":{"rendered":"Dokon\u010dena rekonstrukce kaple sv. Jana Sarkandra na sv. Host\u00fdn\u011b"},"content":{"rendered":"\t\t<div data-elementor-type=\"wp-post\" data-elementor-id=\"4903\" class=\"elementor elementor-4903\">\n\t\t\t\t\t\t<section class=\"elementor-section elementor-top-section elementor-element elementor-element-12edd209 elementor-section-boxed elementor-section-height-default elementor-section-height-default\" data-id=\"12edd209\" data-element_type=\"section\" data-e-type=\"section\">\n\t\t\t\t\t\t<div class=\"elementor-container elementor-column-gap-default\">\n\t\t\t\t\t<div class=\"elementor-column elementor-col-100 elementor-top-column elementor-element elementor-element-5696f0d8\" data-id=\"5696f0d8\" data-element_type=\"column\" data-e-type=\"column\">\n\t\t\t<div class=\"elementor-widget-wrap elementor-element-populated\">\n\t\t\t\t\t\t<div class=\"elementor-element elementor-element-529d606b elementor-widget elementor-widget-text-editor\" data-id=\"529d606b\" data-element_type=\"widget\" data-e-type=\"widget\" data-widget_type=\"text-editor.default\">\n\t\t\t\t<div class=\"elementor-widget-container\">\n\t\t\t\t\t\t\t\t\t<!-- \/wp:paragraph --><!-- wp:image {\"id\":838,\"align\":\"center\"} -->\n<div class=\"wp-block-image\">\u00a0<\/div>\n<figure><\/figure>\n<ul class=\"wp-block-gallery columns-7 is-cropped\">\n<li class=\"blocks-gallery-item\">\n<figure><a href=\"https:\/\/rapos.cz\/wp-content\/uploads\/2024\/02\/IMG_20231221_091955a_uprava-scaled.jpg\"><img fetchpriority=\"high\" decoding=\"async\" class=\"alignnone wp-image-4905 size-medium\" src=\"https:\/\/rapos.cz\/wp-content\/uploads\/2024\/02\/IMG_20231221_091955a_uprava-300x201.jpg\" alt=\"\" width=\"300\" height=\"201\" data-id=\"870\" data-link=\"http:\/\/rapos.cz\/dsc_5474\/\" srcset=\"https:\/\/rapos.cz\/wp-content\/uploads\/2024\/02\/IMG_20231221_091955a_uprava-300x201.jpg 300w, https:\/\/rapos.cz\/wp-content\/uploads\/2024\/02\/IMG_20231221_091955a_uprava-1024x687.jpg 1024w, https:\/\/rapos.cz\/wp-content\/uploads\/2024\/02\/IMG_20231221_091955a_uprava-768x515.jpg 768w, https:\/\/rapos.cz\/wp-content\/uploads\/2024\/02\/IMG_20231221_091955a_uprava-1536x1030.jpg 1536w, https:\/\/rapos.cz\/wp-content\/uploads\/2024\/02\/IMG_20231221_091955a_uprava-2048x1373.jpg 2048w\" sizes=\"(max-width: 300px) 100vw, 300px\" \/><\/a><\/figure>\n<\/li>\n<\/ul>\t\t\t\t\t\t\t\t<\/div>\n\t\t\t\t<\/div>\n\t\t\t\t\t<\/div>\n\t\t<\/div>\n\t\t\t\t\t<\/div>\n\t\t<\/section>\n\t\t\t\t<\/div>\n\t\t","protected":false},"excerpt":{"rendered":"<p>Koncem roku 2023 prob\u00edhaly na sv. Host\u00fdn\u011b stavebn\u00ed \u00fapravy kaple sv. Jana Sarkandra, kter\u00e1 je zapsan\u00e1 jako n\u00e1rodn\u00ed kulturn\u00ed pam\u00e1tka. Byla provedena oprava vn\u011bj\u0161\u00edch om\u00edtek, v\u00fdm\u011bna \u010d\u00e1sti st\u0159e\u0161n\u00ed krovov\u00e9 konstrukce a kompletn\u00ed v\u00fdm\u011bna krytiny st\u0159echy.<\/p>\n","protected":false},"author":1,"featured_media":4905,"comment_status":"closed","ping_status":"closed","sticky":false,"template":"","format":"standard","meta":{"footnotes":""},"categories":[1],"tags":[],"class_list":["post-4903","post","type-post","status-publish","format-standard","has-post-thumbnail","hentry","category-archiv-aktualit"],"_links":{"self":[{"href":"https:\/\/rapos.cz\/de\/wp-json\/wp\/v2\/posts\/4903","targetHints":{"allow":["GET"]}}],"collection":[{"href":"https:\/\/rapos.cz\/de\/wp-json\/wp\/v2\/posts"}],"about":[{"href":"https:\/\/rapos.cz\/de\/wp-json\/wp\/v2\/types\/post"}],"author":[{"embeddable":true,"href":"https:\/\/rapos.cz\/de\/wp-json\/wp\/v2\/users\/1"}],"replies":[{"embeddable":true,"href":"https:\/\/rapos.cz\/de\/wp-json\/wp\/v2\/comments?post=4903"}],"version-history":[{"count":23,"href":"https:\/\/rapos.cz\/de\/wp-json\/wp\/v2\/posts\/4903\/revisions"}],"predecessor-version":[{"id":5509,"href":"https:\/\/rapos.cz\/de\/wp-json\/wp\/v2\/posts\/4903\/revisions\/5509"}],"wp:featuredmedia":[{"embeddable":true,"href":"https:\/\/rapos.cz\/de\/wp-json\/wp\/v2\/media\/4905"}],"wp:attachment":[{"href":"https:\/\/rapos.cz\/de\/wp-json\/wp\/v2\/media?parent=4903"}],"wp:term":[{"taxonomy":"category","embeddable":true,"href":"https:\/\/rapos.cz\/de\/wp-json\/wp\/v2\/categories?post=4903"},{"taxonomy":"post_tag","embeddable":true,"href":"https:\/\/rapos.cz\/de\/wp-json\/wp\/v2\/tags?post=4903"}],"curies":[{"name":"wp","href":"https:\/\/api.w.org\/{rel}","templated":true}]}}