{"id":4570,"date":"2023-06-22T13:45:06","date_gmt":"2023-06-22T11:45:06","guid":{"rendered":"https:\/\/rapos.cz\/?p=4570"},"modified":"2024-06-13T13:57:22","modified_gmt":"2024-06-13T11:57:22","slug":"dokonceni-rekonstrukce-arcidiecezniho-muzea-olomouc-zdikuv-palac","status":"publish","type":"post","link":"https:\/\/rapos.cz\/de\/dokonceni-rekonstrukce-arcidiecezniho-muzea-olomouc-zdikuv-palac\/","title":{"rendered":"Dokon\u010den\u00ed rekonstrukce Arcidiec\u00e9zn\u00edho muzea Olomouc &#8211; Zd\u00edk\u016fv pal\u00e1c"},"content":{"rendered":"\t\t<div data-elementor-type=\"wp-post\" data-elementor-id=\"4570\" class=\"elementor elementor-4570\">\n\t\t\t\t\t\t<section class=\"elementor-section elementor-top-section elementor-element elementor-element-12edd209 elementor-section-boxed elementor-section-height-default elementor-section-height-default\" data-id=\"12edd209\" data-element_type=\"section\" data-e-type=\"section\">\n\t\t\t\t\t\t<div class=\"elementor-container elementor-column-gap-default\">\n\t\t\t\t\t<div class=\"elementor-column elementor-col-100 elementor-top-column elementor-element elementor-element-5696f0d8\" data-id=\"5696f0d8\" data-element_type=\"column\" data-e-type=\"column\">\n\t\t\t<div class=\"elementor-widget-wrap elementor-element-populated\">\n\t\t\t\t\t\t<div class=\"elementor-element elementor-element-529d606b elementor-widget elementor-widget-text-editor\" data-id=\"529d606b\" data-element_type=\"widget\" data-e-type=\"widget\" data-widget_type=\"text-editor.default\">\n\t\t\t\t<div class=\"elementor-widget-container\">\n\t\t\t\t\t\t\t\t\t<div class=\"xdj266r x11i5rnm xat24cr x1mh8g0r x1vvkbs x126k92a\">\n<div dir=\"auto\">Na konci dubna 2023 prob\u011bhlo znovuotev\u0159en\u00ed objekt\u016f Arcidiec\u00e9zn\u00edho muzea Olomouc, kter\u00e9 se nach\u00e1z\u00ed na svatov\u00e1clavsk\u00e9m n\u00e1vr\u0161\u00ed. V r\u00e1mci stavebn\u00edch prac\u00ed byla pro ve\u0159ejnost zp\u0159\u00edstupn\u011bna v\u0161echna k\u0159\u00eddla gotick\u00e9 k\u0159\u00ed\u017eov\u00e9 chodby Zd\u00edkova pal\u00e1ce. Nad ambitem objektu byla vybudov\u00e1na nov\u00e1 poch\u016fz\u00ed l\u00e1vka s p\u0159\u00edstupem k rom\u00e1nsk\u00fdm okn\u016fm, kter\u00e9 jsou sou\u010d\u00e1st\u00ed nejstar\u0161\u00edho dochovan\u00e9ho torza pal\u00e1ce biskupa Jind\u0159icha Zd\u00edka datovan\u00e9ho do 12. stolet\u00ed. V objektu b\u00fdval\u00e9ho kapituln\u00edho d\u011bkanstv\u00ed byla vybudov\u00e1na nov\u00e1 p\u016fdn\u00ed vestavba s v\u00fdstavn\u00edmi prostory pro novou st\u00e1lou expozici s titulem \u201eZde se nach\u00e1z\u00edte\u201c mapuj\u00edc\u00ed dlouhou historii os\u00eddlen\u00ed svatov\u00e1clavsk\u00e9ho n\u00e1vr\u0161\u00ed v Olomouci. V r\u00e1mci dal\u0161\u00edch stavebn\u00edch prac\u00ed byla provedena rekonstrukce ve\u0159ejn\u00fdch toalet v are\u00e1lu a rekonstrukce depozit\u00e1\u0159e v z\u00e1zem\u00ed katedr\u00e1ly sv. V\u00e1clava. Cel\u00fd are\u00e1l je n\u00e1rodn\u00ed kulturn\u00ed pam\u00e1tkou mimo\u0159\u00e1dn\u00e9ho historick\u00e9ho v\u00fdznamu a jedn\u00edm z m\u00edst s nejstar\u0161\u00edm os\u00eddlen\u00edm na Morav\u011b. Ve\u0161ker\u00e9 prov\u00e1d\u011bn\u00e9 pr\u00e1ce na\u0161e spole\u010dnost \u00fazce koordinovala se z\u00e1stupci investora, pam\u00e1tkov\u00e9ho \u00fastavu, dot\u010den\u00fdmi org\u00e1ny a architektonick\u00fdm ateli\u00e9rem.<\/div>\n<div dir=\"auto\">\u00a0<\/div>\n<div dir=\"auto\">Fotografie ze slavnostn\u00edho otev\u0159en\u00ed si m\u016f\u017eete prohl\u00e9dnout <a class=\"x1i10hfl xjbqb8w x6umtig x1b1mbwd xaqea5y xav7gou x9f619 x1ypdohk xt0psk2 xe8uvvx xdj266r x11i5rnm xat24cr x1mh8g0r xexx8yu x4uap5 x18d9i69 xkhd6sd x16tdsg8 x1hl2dhg xggy1nq x1a2a7pz xt0b8zv x1fey0fg\" tabindex=\"0\" role=\"link\" href=\"https:\/\/l.facebook.com\/l.php?u=https%3A%2F%2Fwww.olkraj.cz%2Fznovuotevrene-arcidiecezni-muzeum-nabizi-vstup-do-vsech-ramen-krizove-chodby-i-multimedialni-expozici-aktuality-12061.html%3Ffbclid%3DIwAR3qmQEORK8SKKp4G8ZH0glDQb8nPne35z3TkJihSN73i8TAHKNZNRQkluI&amp;h=AT26EmJdNLaG7SxXTby6SU6x6pyBoe9467n_Xzc_wiTfAHd8dnfKo5xfj-UNkiwZ1fF4bZ3gKv1snyZZMr96ZdeFogg85-w0djU5d3KPvnnv3fC_J07l2IFeRp50uI6FWg&amp;__tn__=-UK-R&amp;c[0]=AT3kHpsd1pTDKmmRbQh03F1D-tZ70SnZKUsje5E5EDV7AOa6bxi_fRpd9vdDOcNO3CjAlSCp3s3_62WljdFKkHSw01vuFbkwntiZK8RY83vPxZHyEISUehBsg88hnPsFvluSNAOLP46r-7ncaFCZhBnr2t2aTg\" target=\"_blank\" rel=\"nofollow noopener noreferrer\"><span style=\"text-decoration: underline;\">ZDE<\/span>.<\/a><\/div>\n<div dir=\"auto\">\u00a0<\/div>\n<\/div>\n<div class=\"x11i5rnm xat24cr x1mh8g0r x1vvkbs xtlvy1s x126k92a\">\n<div dir=\"auto\">Arcidiec\u00e9zn\u00ed muzeum Olomouc v po\u0159adu Toulav\u00e1 kamera \u010cesk\u00e9 televize <span style=\"text-decoration: underline;\"><a class=\"x1i10hfl xjbqb8w x6umtig x1b1mbwd xaqea5y xav7gou x9f619 x1ypdohk xt0psk2 xe8uvvx xdj266r x11i5rnm xat24cr x1mh8g0r xexx8yu x4uap5 x18d9i69 xkhd6sd x16tdsg8 x1hl2dhg xggy1nq x1a2a7pz xt0b8zv x1fey0fg\" tabindex=\"0\" role=\"link\" href=\"https:\/\/www.ceskatelevize.cz\/porady\/1126666764-toulava-kamera\/223562221500021\/?fbclid=IwAR1c-0tYhyjGMIJMzQ0pVPxTJKkdxhMe6TVSe4sHsVyVeGuw7pvlYrhAcRE\" target=\"_blank\" rel=\"nofollow noopener noreferrer\">ZDE<\/a><\/span><\/div>\n<\/div>\n<!-- \/wp:paragraph --><!-- wp:image {\"id\":838,\"align\":\"center\"} -->\n<div class=\"wp-block-image\">\u00a0<\/div>\n<!-- \/wp:image --><!-- wp:image {\"id\":834,\"align\":\"center\"} -->\n<figure><\/figure>\n<ul class=\"wp-block-gallery columns-7 is-cropped\">\n<li class=\"blocks-gallery-item\">\n<figure><a href=\"https:\/\/rapos.cz\/wp-content\/uploads\/2023\/06\/P0A5213co_up2-scaled.jpg\"><img fetchpriority=\"high\" decoding=\"async\" class=\"alignnone wp-image-4596 size-medium\" src=\"https:\/\/rapos.cz\/wp-content\/uploads\/2023\/06\/P0A5213co_up2-300x205.jpg\" alt=\"\" width=\"300\" height=\"205\" data-id=\"877\" data-link=\"http:\/\/rapos.cz\/img_9891\/\" srcset=\"https:\/\/rapos.cz\/wp-content\/uploads\/2023\/06\/P0A5213co_up2-300x205.jpg 300w, https:\/\/rapos.cz\/wp-content\/uploads\/2023\/06\/P0A5213co_up2-1024x700.jpg 1024w, https:\/\/rapos.cz\/wp-content\/uploads\/2023\/06\/P0A5213co_up2-768x525.jpg 768w, https:\/\/rapos.cz\/wp-content\/uploads\/2023\/06\/P0A5213co_up2-1536x1050.jpg 1536w, https:\/\/rapos.cz\/wp-content\/uploads\/2023\/06\/P0A5213co_up2-2048x1401.jpg 2048w\" sizes=\"(max-width: 300px) 100vw, 300px\" \/><\/a><\/figure>\n<\/li>\n<li class=\"blocks-gallery-item\">\n<figure><a href=\"https:\/\/rapos.cz\/wp-content\/uploads\/2023\/06\/Panorama_bez_nazvu-3co_up2-scaled.jpg\"><img decoding=\"async\" class=\"alignnone wp-image-4597 size-medium\" src=\"https:\/\/rapos.cz\/wp-content\/uploads\/2023\/06\/Panorama_bez_nazvu-3co_up2-300x124.jpg\" alt=\"\" width=\"300\" height=\"124\" data-id=\"876\" data-link=\"http:\/\/rapos.cz\/img_9884\/\" srcset=\"https:\/\/rapos.cz\/wp-content\/uploads\/2023\/06\/Panorama_bez_nazvu-3co_up2-300x124.jpg 300w, https:\/\/rapos.cz\/wp-content\/uploads\/2023\/06\/Panorama_bez_nazvu-3co_up2-1024x422.jpg 1024w, https:\/\/rapos.cz\/wp-content\/uploads\/2023\/06\/Panorama_bez_nazvu-3co_up2-768x317.jpg 768w, https:\/\/rapos.cz\/wp-content\/uploads\/2023\/06\/Panorama_bez_nazvu-3co_up2-1536x633.jpg 1536w, https:\/\/rapos.cz\/wp-content\/uploads\/2023\/06\/Panorama_bez_nazvu-3co_up2-2048x844.jpg 2048w\" sizes=\"(max-width: 300px) 100vw, 300px\" \/><\/a><\/figure>\n<\/li>\n<li class=\"blocks-gallery-item\">\n<figure><a href=\"https:\/\/rapos.cz\/wp-content\/uploads\/2023\/06\/20230511_ML_4809co-scaled.jpg\"><img decoding=\"async\" class=\"alignnone wp-image-4574 size-medium\" src=\"https:\/\/rapos.cz\/wp-content\/uploads\/2023\/06\/20230511_ML_4809co-300x160.jpg\" alt=\"\" width=\"300\" height=\"160\" data-id=\"875\" data-link=\"http:\/\/rapos.cz\/img_9878\/\" srcset=\"https:\/\/rapos.cz\/wp-content\/uploads\/2023\/06\/20230511_ML_4809co-300x160.jpg 300w, https:\/\/rapos.cz\/wp-content\/uploads\/2023\/06\/20230511_ML_4809co-1024x546.jpg 1024w, https:\/\/rapos.cz\/wp-content\/uploads\/2023\/06\/20230511_ML_4809co-768x410.jpg 768w, https:\/\/rapos.cz\/wp-content\/uploads\/2023\/06\/20230511_ML_4809co-1536x819.jpg 1536w, https:\/\/rapos.cz\/wp-content\/uploads\/2023\/06\/20230511_ML_4809co-2048x1093.jpg 2048w\" sizes=\"(max-width: 300px) 100vw, 300px\" \/><\/a><\/figure>\n<\/li>\n<li class=\"blocks-gallery-item\">\n<figure><a href=\"https:\/\/rapos.cz\/wp-content\/uploads\/2023\/06\/20230511_ML_4810co-scaled.jpg\"><img loading=\"lazy\" decoding=\"async\" class=\"alignnone wp-image-4575 size-medium\" src=\"https:\/\/rapos.cz\/wp-content\/uploads\/2023\/06\/20230511_ML_4810co-300x206.jpg\" alt=\"\" width=\"300\" height=\"206\" data-id=\"870\" data-link=\"http:\/\/rapos.cz\/dsc_5474\/\" srcset=\"https:\/\/rapos.cz\/wp-content\/uploads\/2023\/06\/20230511_ML_4810co-300x206.jpg 300w, https:\/\/rapos.cz\/wp-content\/uploads\/2023\/06\/20230511_ML_4810co-1024x702.jpg 1024w, https:\/\/rapos.cz\/wp-content\/uploads\/2023\/06\/20230511_ML_4810co-768x527.jpg 768w, https:\/\/rapos.cz\/wp-content\/uploads\/2023\/06\/20230511_ML_4810co-1536x1053.jpg 1536w, https:\/\/rapos.cz\/wp-content\/uploads\/2023\/06\/20230511_ML_4810co-2048x1404.jpg 2048w\" sizes=\"(max-width: 300px) 100vw, 300px\" \/><\/a><\/figure>\n<\/li>\n<\/ul>\t\t\t\t\t\t\t\t<\/div>\n\t\t\t\t<\/div>\n\t\t\t\t\t<\/div>\n\t\t<\/div>\n\t\t\t\t\t<\/div>\n\t\t<\/section>\n\t\t\t\t<\/div>\n\t\t","protected":false},"excerpt":{"rendered":"<p>Na konci dubna 2023 prob\u011bhlo znovuotev\u0159en\u00ed objekt\u016f Arcidiec\u00e9zn\u00edho muzea Olomouc, kter\u00e9 se nach\u00e1z\u00ed na svatov\u00e1clavsk\u00e9m n\u00e1vr\u0161\u00ed. V r\u00e1mci stavebn\u00edch prac\u00ed byla pro ve\u0159ejnost zp\u0159\u00edstupn\u011bna v\u0161echna k\u0159\u00eddla gotick\u00e9 k\u0159\u00ed\u017eov\u00e9 chodby Zd\u00edkova pal\u00e1ce. Nad ambitem objektu byla vybudov\u00e1na nov\u00e1 poch\u016fz\u00ed l\u00e1vka s p\u0159\u00edstupem k rom\u00e1nsk\u00fdm okn\u016fm, kter\u00e9 jsou sou\u010d\u00e1st\u00ed nejstar\u0161\u00edho dochovan\u00e9ho torza pal\u00e1ce biskupa Jind\u0159icha Zd\u00edka datovan\u00e9ho&#8230;<\/p>\n","protected":false},"author":1,"featured_media":4574,"comment_status":"closed","ping_status":"closed","sticky":false,"template":"","format":"standard","meta":{"footnotes":""},"categories":[1],"tags":[],"class_list":["post-4570","post","type-post","status-publish","format-standard","has-post-thumbnail","hentry","category-archiv-aktualit"],"_links":{"self":[{"href":"https:\/\/rapos.cz\/de\/wp-json\/wp\/v2\/posts\/4570","targetHints":{"allow":["GET"]}}],"collection":[{"href":"https:\/\/rapos.cz\/de\/wp-json\/wp\/v2\/posts"}],"about":[{"href":"https:\/\/rapos.cz\/de\/wp-json\/wp\/v2\/types\/post"}],"author":[{"embeddable":true,"href":"https:\/\/rapos.cz\/de\/wp-json\/wp\/v2\/users\/1"}],"replies":[{"embeddable":true,"href":"https:\/\/rapos.cz\/de\/wp-json\/wp\/v2\/comments?post=4570"}],"version-history":[{"count":22,"href":"https:\/\/rapos.cz\/de\/wp-json\/wp\/v2\/posts\/4570\/revisions"}],"predecessor-version":[{"id":5166,"href":"https:\/\/rapos.cz\/de\/wp-json\/wp\/v2\/posts\/4570\/revisions\/5166"}],"wp:featuredmedia":[{"embeddable":true,"href":"https:\/\/rapos.cz\/de\/wp-json\/wp\/v2\/media\/4574"}],"wp:attachment":[{"href":"https:\/\/rapos.cz\/de\/wp-json\/wp\/v2\/media?parent=4570"}],"wp:term":[{"taxonomy":"category","embeddable":true,"href":"https:\/\/rapos.cz\/de\/wp-json\/wp\/v2\/categories?post=4570"},{"taxonomy":"post_tag","embeddable":true,"href":"https:\/\/rapos.cz\/de\/wp-json\/wp\/v2\/tags?post=4570"}],"curies":[{"name":"wp","href":"https:\/\/api.w.org\/{rel}","templated":true}]}}