{"id":4312,"date":"2023-05-10T10:44:44","date_gmt":"2023-05-10T08:44:44","guid":{"rendered":"https:\/\/rapos.cz\/en\/?p=4312"},"modified":"2024-01-08T09:28:48","modified_gmt":"2024-01-08T08:28:48","slug":"pristavba-logistickeho-skladu-firmy-kmotr-masna-kromeriz-video","status":"publish","type":"post","link":"https:\/\/rapos.cz\/de\/pristavba-logistickeho-skladu-firmy-kmotr-masna-kromeriz-video\/","title":{"rendered":"P\u0159\u00edstavba logistick\u00e9ho skladu firmy KMOTR Masna Krom\u011b\u0159\u00ed\u017e &#8211; VIDEO"},"content":{"rendered":"\t\t<div data-elementor-type=\"wp-post\" data-elementor-id=\"4312\" class=\"elementor elementor-4312\">\n\t\t\t\t\t\t<section class=\"elementor-section elementor-top-section elementor-element elementor-element-12edd209 elementor-section-boxed elementor-section-height-default elementor-section-height-default\" data-id=\"12edd209\" data-element_type=\"section\" data-e-type=\"section\">\n\t\t\t\t\t\t<div class=\"elementor-container elementor-column-gap-default\">\n\t\t\t\t\t<div class=\"elementor-column elementor-col-100 elementor-top-column elementor-element elementor-element-5696f0d8\" data-id=\"5696f0d8\" data-element_type=\"column\" data-e-type=\"column\">\n\t\t\t<div class=\"elementor-widget-wrap elementor-element-populated\">\n\t\t\t\t\t\t<div class=\"elementor-element elementor-element-529d606b elementor-widget elementor-widget-text-editor\" data-id=\"529d606b\" data-element_type=\"widget\" data-e-type=\"widget\" data-widget_type=\"text-editor.default\">\n\t\t\t\t<div class=\"elementor-widget-container\">\n\t\t\t\t\t\t\t\t\t<p><!-- \/wp:image --><!-- wp:gallery {\"ids\":[878,877,876,875,870,869,813],\"columns\":7,\"linkTo\":\"media\"} --><\/p>\n<p>V\u00fdsledkem dev\u011bt m\u011bs\u00edc\u016f trvaj\u00edc\u00ed realizace je nov\u00e1 p\u0159\u00edstavba haly slou\u017e\u00edc\u00ed jako chlazen\u00fd sklad pro potravin\u00e1\u0159sk\u00e9 v\u00fdrobky firmy Kmotr Masna v Krom\u011b\u0159\u00ed\u017ei. Nejprve byla provedena demolice st\u00e1vaj\u00edc\u00edho objektu a pot\u00e9 vystaven nov\u00fd objekt jeho\u017e nosnou konstrukci tvo\u0159\u00ed ocelov\u00e9 r\u00e1my. Vn\u011bj\u0161\u00ed strany jsou opl\u00e1\u0161t\u011bny trap\u00e9zov\u00fdm plechem a vnit\u0159n\u00ed strany syst\u00e9mov\u00fdmi sendvi\u010dov\u00fdmi panely. Sou\u010d\u00e1st\u00ed stavby bylo kompletn\u00ed proveden\u00ed technick\u00fdch za\u0159\u00edzen\u00ed budov, p\u0159edev\u0161\u00edm rozs\u00e1hl\u00e9ho syst\u00e9mu chlazen\u00ed a souvisej\u00edc\u00edho syst\u00e9mu m\u011b\u0159en\u00ed a regulace.<\/p>\n<p>Video z realizace stavby m\u016f\u017eete zhl\u00e9dnout <a href=\"https:\/\/www.youtube.com\/watch?v=FqOUart8ew0\" target=\"_blank\" rel=\"noopener\"><span style=\"text-decoration: underline;\"><strong>ZDE<\/strong><\/span><\/a><\/p>\n<ul class=\"wp-block-gallery columns-7 is-cropped\">\n<li class=\"blocks-gallery-item\">\n<figure><a href=\"https:\/\/rapos.cz\/wp-content\/uploads\/2023\/05\/P1024756-1-scaled.jpg\"><img fetchpriority=\"high\" decoding=\"async\" class=\"alignnone wp-image-4527 size-medium\" src=\"https:\/\/rapos.cz\/wp-content\/uploads\/2023\/05\/P1024756-300x200.jpg\" alt=\"\" width=\"300\" height=\"200\" data-id=\"877\" data-link=\"http:\/\/rapos.cz\/img_9891\/\" srcset=\"https:\/\/rapos.cz\/wp-content\/uploads\/2023\/05\/P1024756-300x200.jpg 300w, https:\/\/rapos.cz\/wp-content\/uploads\/2023\/05\/P1024756-1024x683.jpg 1024w, https:\/\/rapos.cz\/wp-content\/uploads\/2023\/05\/P1024756-768x512.jpg 768w, https:\/\/rapos.cz\/wp-content\/uploads\/2023\/05\/P1024756-1536x1024.jpg 1536w, https:\/\/rapos.cz\/wp-content\/uploads\/2023\/05\/P1024756-2048x1365.jpg 2048w\" sizes=\"(max-width: 300px) 100vw, 300px\" \/><\/a><\/figure>\n<\/li>\n<li class=\"blocks-gallery-item\">\n<figure><a href=\"https:\/\/rapos.cz\/wp-content\/uploads\/2023\/05\/DJI_0224-HDR-scaled.jpg\"><img decoding=\"async\" class=\"alignnone wp-image-4528 size-medium\" src=\"https:\/\/rapos.cz\/wp-content\/uploads\/2023\/05\/DJI_0224-HDR-300x225.jpg\" alt=\"\" width=\"300\" height=\"225\" data-id=\"876\" data-link=\"http:\/\/rapos.cz\/img_9884\/\" srcset=\"https:\/\/rapos.cz\/wp-content\/uploads\/2023\/05\/DJI_0224-HDR-300x225.jpg 300w, https:\/\/rapos.cz\/wp-content\/uploads\/2023\/05\/DJI_0224-HDR-1024x768.jpg 1024w, https:\/\/rapos.cz\/wp-content\/uploads\/2023\/05\/DJI_0224-HDR-768x576.jpg 768w, https:\/\/rapos.cz\/wp-content\/uploads\/2023\/05\/DJI_0224-HDR-1536x1152.jpg 1536w, https:\/\/rapos.cz\/wp-content\/uploads\/2023\/05\/DJI_0224-HDR-2048x1536.jpg 2048w, https:\/\/rapos.cz\/wp-content\/uploads\/2023\/05\/DJI_0224-HDR-454x340.jpg 454w\" sizes=\"(max-width: 300px) 100vw, 300px\" \/><\/a><\/figure>\n<\/li>\n<li class=\"blocks-gallery-item\">\n<figure><a href=\"https:\/\/rapos.cz\/wp-content\/uploads\/2023\/05\/P1024760-scaled.jpg\"><img decoding=\"async\" class=\"alignnone wp-image-4529 size-medium\" src=\"https:\/\/rapos.cz\/wp-content\/uploads\/2023\/05\/P1024760-300x200.jpg\" alt=\"\" width=\"300\" height=\"200\" data-id=\"875\" data-link=\"http:\/\/rapos.cz\/img_9878\/\" srcset=\"https:\/\/rapos.cz\/wp-content\/uploads\/2023\/05\/P1024760-300x200.jpg 300w, https:\/\/rapos.cz\/wp-content\/uploads\/2023\/05\/P1024760-1024x683.jpg 1024w, https:\/\/rapos.cz\/wp-content\/uploads\/2023\/05\/P1024760-768x512.jpg 768w, https:\/\/rapos.cz\/wp-content\/uploads\/2023\/05\/P1024760-1536x1024.jpg 1536w, https:\/\/rapos.cz\/wp-content\/uploads\/2023\/05\/P1024760-2048x1365.jpg 2048w\" sizes=\"(max-width: 300px) 100vw, 300px\" \/><\/a><\/figure>\n<\/li>\n<li class=\"blocks-gallery-item\">\n<figure><a href=\"https:\/\/rapos.cz\/wp-content\/uploads\/2023\/05\/P1024779-scaled.jpg\">z<\/a><\/figure>\n<\/li>\n<\/ul>\t\t\t\t\t\t\t\t<\/div>\n\t\t\t\t<\/div>\n\t\t\t\t\t<\/div>\n\t\t<\/div>\n\t\t\t\t\t<\/div>\n\t\t<\/section>\n\t\t\t\t<\/div>\n\t\t","protected":false},"excerpt":{"rendered":"<p>V\u00fdsledkem dev\u011bt m\u011bs\u00edc\u016f trvaj\u00edc\u00ed realizace je nov\u00e1 p\u0159\u00edstavba haly slou\u017e\u00edc\u00ed jako chlazen\u00fd sklad pro potravin\u00e1\u0159sk\u00e9 v\u00fdrobky firmy Kmotr Masna v Krom\u011b\u0159\u00ed\u017ei. Nejprve byla provedena demolice st\u00e1vaj\u00edc\u00edho objektu a pot\u00e9 vystaven nov\u00fd objekt jeho\u017e nosnou konstrukci tvo\u0159\u00ed ocelov\u00e9 r\u00e1my. Vn\u011bj\u0161\u00ed strany jsou opl\u00e1\u0161t\u011bny trap\u00e9zov\u00fdm plechem a vnit\u0159n\u00ed strany syst\u00e9mov\u00fdmi sendvi\u010dov\u00fdmi panely. Sou\u010d\u00e1st\u00ed stavby bylo kompletn\u00ed proveden\u00ed&#8230;<\/p>\n","protected":false},"author":1,"featured_media":4534,"comment_status":"closed","ping_status":"closed","sticky":false,"template":"","format":"standard","meta":{"footnotes":""},"categories":[1],"tags":[],"class_list":["post-4312","post","type-post","status-publish","format-standard","has-post-thumbnail","hentry","category-archiv-aktualit"],"_links":{"self":[{"href":"https:\/\/rapos.cz\/de\/wp-json\/wp\/v2\/posts\/4312","targetHints":{"allow":["GET"]}}],"collection":[{"href":"https:\/\/rapos.cz\/de\/wp-json\/wp\/v2\/posts"}],"about":[{"href":"https:\/\/rapos.cz\/de\/wp-json\/wp\/v2\/types\/post"}],"author":[{"embeddable":true,"href":"https:\/\/rapos.cz\/de\/wp-json\/wp\/v2\/users\/1"}],"replies":[{"embeddable":true,"href":"https:\/\/rapos.cz\/de\/wp-json\/wp\/v2\/comments?post=4312"}],"version-history":[{"count":24,"href":"https:\/\/rapos.cz\/de\/wp-json\/wp\/v2\/posts\/4312\/revisions"}],"predecessor-version":[{"id":4886,"href":"https:\/\/rapos.cz\/de\/wp-json\/wp\/v2\/posts\/4312\/revisions\/4886"}],"wp:featuredmedia":[{"embeddable":true,"href":"https:\/\/rapos.cz\/de\/wp-json\/wp\/v2\/media\/4534"}],"wp:attachment":[{"href":"https:\/\/rapos.cz\/de\/wp-json\/wp\/v2\/media?parent=4312"}],"wp:term":[{"taxonomy":"category","embeddable":true,"href":"https:\/\/rapos.cz\/de\/wp-json\/wp\/v2\/categories?post=4312"},{"taxonomy":"post_tag","embeddable":true,"href":"https:\/\/rapos.cz\/de\/wp-json\/wp\/v2\/tags?post=4312"}],"curies":[{"name":"wp","href":"https:\/\/api.w.org\/{rel}","templated":true}]}}